{"provider_url": "https://www.jataizinho.pr.leg.br", "title": "Concurso P\u00fablico", "html": "<p style=\"text-align: justify; \">A C\u00e2mara Municipal de Jataizinho esta realizando concurso p\u00fablico para os cargos de Advogado, Contador e Agente de Servi\u00e7os Operacionais e as inscri\u00e7\u00f5es poder\u00e3o ser realizadas de hoje (25/01/2019) at\u00e9 o dia 15/02/2019. Para os cargos de advogado e agente de servi\u00e7os operacionais a contrata\u00e7\u00e3o ser\u00e1 imediata e para o cargo de contador ser\u00e1 formado cadastro reserva.</p>\r\n<p style=\"text-align: justify; \">A taxa de inscri\u00e7\u00e3o para os cargos de advogado e contador \u00e9 de R$ 100,00 e para o cargo de agente de servi\u00e7os operacionais \u00e9 de R$ 50,00.</p>\r\n<p style=\"text-align: justify; \">Abaixo algumas informa\u00e7\u00f5es a respeito de cargo hor\u00e1ria, vencimentos e requisitos m\u00ednimos para ingresso:</p>\r\n<div align=\"center\">\r\n<table>\r\n<tbody>\r\n<tr>\r\n<td>\r\n<p align=\"center\" class=\"Contedodatabela\"><b>CARGO</b></p>\r\n</td>\r\n<td>\r\n<p align=\"center\" class=\"Contedodatabela\"><b>VAGAS</b></p>\r\n</td>\r\n<td>\r\n<p align=\"center\" class=\"Contedodatabela\"><b>VAGAS PCD/AFRO</b></p>\r\n</td>\r\n<td>\r\n<p align=\"center\" class=\"Contedodatabela\"><b>VENCIMENTO</b></p>\r\n</td>\r\n<td>\r\n<p align=\"center\" class=\"Contedodatabela\"><b>CARGA</b></p>\r\n<p align=\"center\" class=\"Contedodatabela\"><b>HOR\u00c1RIA</b></p>\r\n</td>\r\n<td>\r\n<p align=\"center\" class=\"Contedodatabela\"><b>TAXA DE INSCRI\u00c7\u00c3O</b></p>\r\n</td>\r\n<td>\r\n<p align=\"center\" class=\"Contedodatabela\"><b>REQUISITOS M\u00cdNIMOS</b></p>\r\n</td>\r\n</tr>\r\n<tr>\r\n<td>\r\n<p class=\"Contedodatabela\">Agente de Servi\u00e7os Operacionais</p>\r\n</td>\r\n<td>\r\n<p align=\"center\" class=\"Contedodatabela\">01 + CR</p>\r\n</td>\r\n<td>\r\n<p align=\"center\" class=\"Contedodatabela\">--</p>\r\n</td>\r\n<td>\r\n<p align=\"center\" class=\"Contedodatabela\">R$ 999,69</p>\r\n</td>\r\n<td>\r\n<p align=\"center\" class=\"Contedodatabela\">20h</p>\r\n</td>\r\n<td>\r\n<p align=\"center\" class=\"Contedodatabela\">R$ 50,00</p>\r\n</td>\r\n<td>\r\n<p>Ensino Fundamental Incompleto.</p>\r\n</td>\r\n</tr>\r\n<tr>\r\n<td>\r\n<p class=\"Contedodatabela\">Advogado</p>\r\n</td>\r\n<td>\r\n<p align=\"center\" class=\"Contedodatabela\">01 + CR</p>\r\n</td>\r\n<td>\r\n<p align=\"center\" class=\"Contedodatabela\">--</p>\r\n</td>\r\n<td>\r\n<p align=\"center\" class=\"Contedodatabela\">R$ 2.833,45</p>\r\n</td>\r\n<td>\r\n<p align=\"center\" class=\"Contedodatabela\">20h</p>\r\n</td>\r\n<td>\r\n<p align=\"center\" class=\"Contedodatabela\">R$ 100,00</p>\r\n</td>\r\n<td>\r\n<p>Ensino Superior em Direito com registro no conselho da classe e conhecimentos em inform\u00e1tica.</p>\r\n</td>\r\n</tr>\r\n<tr>\r\n<td>\r\n<p class=\"Contedodatabela\">Contador</p>\r\n</td>\r\n<td>\r\n<p align=\"center\" class=\"Contedodatabela\">CR</p>\r\n</td>\r\n<td>\r\n<p align=\"center\" class=\"Contedodatabela\">--</p>\r\n</td>\r\n<td>\r\n<p align=\"center\" class=\"Contedodatabela\">R$ 3.258,47</p>\r\n</td>\r\n<td>\r\n<p align=\"center\" class=\"Contedodatabela\">35h</p>\r\n</td>\r\n<td>\r\n<p align=\"center\" class=\"Contedodatabela\">R$ 100,00</p>\r\n</td>\r\n<td>\r\n<p>Ensino Superior em Ci\u00eancias Cont\u00e1beis com registro no conselho da classe e conhecimentos em inform\u00e1tica.</p>\r\n</td>\r\n</tr>\r\n</tbody>\r\n</table>\r\n</div>\r\n<p style=\"text-align: justify; \"><span>A realiza\u00e7\u00e3o do concurso ficar\u00e1 a cargo do Instituto UniFil.</span></p>\r\n<p style=\"text-align: justify; \"><strong><span>IMPORTANTE</span></strong></p>\r\n<p style=\"text-align: justify; \"><strong>A data da realiza\u00e7\u00e3o da prova do concurso que estava prevista para ser realizada no dia 17/03/2019 foi alterada para o dia 24/03/2019.</strong></p>\r\n<p style=\"text-align: justify; \">Tal altera\u00e7\u00e3o se deu em virtude do concurso que esta sendo realizado pela C\u00e2mara Municipal de Sertan\u00f3polis, no qual tamb\u00e9m abriram vagas para advogado e contador, raz\u00e3o pela qual v\u00e1rios pr\u00e9-candidatos entraram em contato quanto a possibilidade da mudan\u00e7a da data da prova para que pudessem concorrer aos cargos oferecidos pela C\u00e2mara de Jataizinho.</p>\r\n<p style=\"text-align: justify; \">A fim de garantir a participa\u00e7\u00e3o de todos, a presid\u00eancia decidiu em promover a mudan\u00e7a.</p>\r\n<p style=\"text-align: justify; \">O Edital de Retifica\u00e7\u00e3o encontra-se dispon\u00edvel neste portal e no portal do Instituto UniFil.</p>\r\n<p style=\"text-align: justify; \">Click no link abaixo para acessar a p\u00e1gina da Unifil na Internet:</p>\r\n<p style=\"text-align: justify; \"><a class=\"external-link\" href=\"http://www.institutounifil.com.br\" target=\"_self\" title=\"UNIFIL\">UNIFIL</a></p>\r\n<p style=\"text-align: justify; \">Maiores informa\u00e7\u00f5es, clique no link abaixo para acesso aos editais do Concurso:</p>\r\n<p style=\"text-align: justify; \">\u00a0<a title=\"Edital de Abertura do Concurso P\u00fablico 2019\" href=\"https://www.jataizinho.pr.leg.br/transparencia/concurso-publico/2019/edital-de-abertura-do-concurso-publico-2019\" class=\"internal-link\" target=\"_self\">EDITA</a>L\u00a0/ <a title=\"1\u00aa Refifica\u00e7\u00e3o do Edital de Abertura\" href=\"https://www.jataizinho.pr.leg.br/transparencia/concurso-publico/2019/primeira-retificacao-do-edital-de-abertura.pdf\" class=\"internal-link\" target=\"_self\">1\u00aa Refitica\u00e7\u00e3o do EDITAL</a>\u00a0/ <a title=\"Edital de Resultado dos Pedidos de Isen\u00e7\u00e3o\" href=\"https://www.jataizinho.pr.leg.br/transparencia/concurso-publico/2019/edital-de-resultado-pedido-de-isencao.pdf\" class=\"internal-link\" target=\"_self\">Edital de Resultado dos Pedidos de Isen\u00e7\u00e3o</a> / <a title=\"Edital de Homologa\u00e7\u00e3o das Isen\u00e7\u00f5es\" href=\"https://www.jataizinho.pr.leg.br/transparencia/concurso-publico/2019/edital-de-homologacao-das-isencoes.pdf\" class=\"internal-link\" target=\"_self\">Edital de Homologa\u00e7\u00e3o das Isen\u00e7\u00f5es</a> /\u00a0<a title=\"Edital de Deferimento das Inscri\u00e7\u00f5es\" href=\"https://www.jataizinho.pr.leg.br/transparencia/concurso-publico/2019/edital-de-deferimento-das-inscricoes.pdf\" class=\"internal-link\" target=\"_self\">Edital de Deferimento das Inscri\u00e7\u00f5es</a> /\u00a0<a title=\"Edital de Homologa\u00e7\u00e3o das Inscri\u00e7\u00f5es\" href=\"https://www.jataizinho.pr.leg.br/transparencia/concurso-publico/2019/edital-de-homologacao-das-inscricoes\" class=\"internal-link\" target=\"_self\">Edital de Homologa\u00e7\u00e3o das Inscri\u00e7\u00f5es</a> /\u00a0<a title=\"Edital de Convoca\u00e7\u00e3o de T\u00edtulos\" href=\"https://www.jataizinho.pr.leg.br/transparencia/concurso-publico/2019/edital-de-convocacao-de-titulos\" class=\"internal-link\" target=\"_self\">Edital de Convoca\u00e7\u00e3o de T\u00edtulos</a> /\u00a0<a title=\"Edital de Local de Prova Objetiva\" href=\"https://www.jataizinho.pr.leg.br/transparencia/concurso-publico/2019/edital-de-local-de-prova-objetiva\" class=\"internal-link\" target=\"_self\">Edital de Local de Prova Objetiva</a> /\u00a0<a title=\"Edital de Gabarito Preliminar da Prova Objetiva \" href=\"https://www.jataizinho.pr.leg.br/transparencia/concurso-publico/2019/edital-de-gabarito-preliminar-prova-objetiva.pdf\" class=\"internal-link\" target=\"_self\">Edital de Gabarito Preliminar da Prova Objetiva</a> / Caderno de Provas para o cargo de <a title=\"Caderno de Prova de Advogado\" href=\"https://www.jataizinho.pr.leg.br/transparencia/concurso-publico/2019/caderno-de-provas-advogado.pdf\" class=\"internal-link\" target=\"_self\">ADVOGADO</a>, <a title=\"Caderno de Prova de Contador\" href=\"https://www.jataizinho.pr.leg.br/transparencia/concurso-publico/2019/caderno-de-provas-contador.pdf\" class=\"internal-link\" target=\"_self\">CONTADOR</a> e <a title=\"Caderno de Prova de Agente de Servi\u00e7os Operacionais\" href=\"https://www.jataizinho.pr.leg.br/transparencia/concurso-publico/2019/caderno-de-provas-agente-de-servicos-operacionais.pdf\" class=\"internal-link\" target=\"_self\">AGENTE DE SERVI\u00c7OS OPERACIONAIS</a> /\u00a0<a title=\"Edital de Resultado Preliminar\" href=\"https://www.jataizinho.pr.leg.br/transparencia/concurso-publico/2019/edital-de-resultado-preliminar.pdf\" class=\"internal-link\" target=\"_self\">Edital de Resultado Preliminar</a> /\u00a0<a title=\"Edital de Gabarito Definitivo - Prova Objetiva\" href=\"https://www.jataizinho.pr.leg.br/transparencia/concurso-publico/2019/edital-de-gabarito-definitivo-prova-objetiva.pdf\" class=\"internal-link\" target=\"_self\">Edital de Gabarito Definitivo - Prova Objetiva</a> /\u00a0<a title=\"Edital de Classifica\u00e7\u00e3o Preliminar\" href=\"https://www.jataizinho.pr.leg.br/transparencia/concurso-publico/2019/edital-de-classificacao-preliminar.pdf\" class=\"internal-link\" target=\"_self\">Edital de Classifica\u00e7\u00e3o Preliminar</a> / <a title=\"Edital de Classifica\u00e7\u00e3o Final\" href=\"https://www.jataizinho.pr.leg.br/transparencia/concurso-publico/2019/edital-de-classificacao-preliminar-1.pdf\" class=\"internal-link\" target=\"_self\">Edital de Classifica\u00e7\u00e3o Final</a>\u00a0/ <a title=\"Edital de Homologa\u00e7\u00e3o\" href=\"https://www.jataizinho.pr.leg.br/transparencia/concurso-publico/2019/edital-de-homologacao.pdf\" class=\"internal-link\" target=\"_self\">Edital de Homologa\u00e7\u00e3o</a> / <a class=\"external-link\" href=\"https://www.jataizinho.pr.leg.br/transparencia/concurso-publico/2019/001-2023-edital-de-cumprimento-liminar.pdf/view\" target=\"_self\" title=\"Edital de Cumprimento de Liminar\">Edital de Cumprimento de Liminar</a> /\u00a0</p>\r\n<p style=\"text-align: justify; \">- <a title=\"1\u00ba Edital de Convoca\u00e7\u00e3o Concurso 2019\" href=\"https://www.jataizinho.pr.leg.br/transparencia/concurso-publico/2019/1-primeiro-edital-convocacao-2019.pdf\" class=\"internal-link\" target=\"_self\">1\u00ba EDITAL DE CONVOCA\u00c7\u00c3O</a> para os cargos de Agente de Servi\u00e7os Operacionais e Advogado;</p>\r\n<p style=\"text-align: justify; \">- <a title=\"2\u00ba EDITAL DE CONVOCA\u00c7\u00c3O para os cargo de Advogado\" href=\"https://www.jataizinho.pr.leg.br/transparencia/concurso-publico/2019/2-segundo-edital-convocacao-2019.pdf\" class=\"internal-link\" target=\"_self\">2\u00ba EDITAL DE CONVOCA\u00c7\u00c3O</a>\u00a0para os cargo de Advogado;</p>\r\n<p style=\"text-align: justify; \"><em>Fonte:\u00a0<span>C\u00e2mara Municipal de Jataizinho</span></em></p>", "author_name": "", "version": "1.0", "author_url": "https://www.jataizinho.pr.leg.br/author/juliano", "provider_name": "C\u00e2mara Municipal de Jataizinho", "type": "rich"}